{"id":2240,"date":"2025-05-28T20:00:54","date_gmt":"2025-05-28T18:00:54","guid":{"rendered":"https:\/\/cyscoe.ro\/cyscoe-participa-la-masa-rotunda-ecybridge-privind-dinamica-strategica-a-securitatii-cibernetice-in-europa\/"},"modified":"2025-05-28T20:03:08","modified_gmt":"2025-05-28T18:03:08","slug":"cyscoe-participa-la-masa-rotunda-ecybridge-privind-dinamica-strategica-a-securitatii-cibernetice-in-europa","status":"publish","type":"post","link":"https:\/\/cyscoe.ro\/ro\/cyscoe-participa-la-masa-rotunda-ecybridge-privind-dinamica-strategica-a-securitatii-cibernetice-in-europa\/","title":{"rendered":"CYSCOE particip\u0103 la masa rotund\u0103 ECYBRIDGE privind dinamica strategic\u0103 a securit\u0103\u021bii cibernetice \u00een Europa"},"content":{"rendered":"\n<p>La <strong>22 mai 2025<\/strong>, <strong>CYSCOE &#8211; Clusterul de Excelen\u021b\u0103 \u00een Securitate Cibernetic\u0103<\/strong> &#8211; a fost reprezentat cu m\u00e2ndrie de <strong>Daniel Leu<\/strong> la masa rotund\u0103 la nivel \u00eenalt intitulat\u0103 <strong>\u201ePrivire de ansamblu asupra dinamicii actuale a securit\u0103\u021bii cibernetice \u00een peisajul european\u201d,<\/strong> g\u0103zduit\u0103 la <strong>Bucure\u0219ti<\/strong> de <strong>Centrul Euro-Atlantic de Rezilien\u021b\u0103 (E-ARC)<\/strong> \u00een cadrul <strong>proiectului ECYBRIDGE<\/strong> &#8211; <em>Consolidarea sinergiilor \u00een domeniul securit\u0103\u021bii cibernetice civile \u0219i de ap\u0103rare<\/em>.<\/p>\n\n<figure class=\"wp-block-gallery has-nested-images columns-default is-cropped wp-block-gallery-1 is-layout-flex wp-block-gallery-is-layout-flex\">\n<figure class=\"wp-block-image size-large\"><img fetchpriority=\"high\" decoding=\"async\" width=\"1024\" height=\"576\" data-id=\"2226\" src=\"https:\/\/cyscoe.ro\/wp-content\/uploads\/2025\/05\/Strategic-Cybersecurity-Dynamics-in-Europe-1-1024x576.jpg\" alt=\"\" class=\"wp-image-2226\" srcset=\"https:\/\/cyscoe.ro\/wp-content\/uploads\/2025\/05\/Strategic-Cybersecurity-Dynamics-in-Europe-1-1024x576.jpg 1024w, https:\/\/cyscoe.ro\/wp-content\/uploads\/2025\/05\/Strategic-Cybersecurity-Dynamics-in-Europe-1-300x169.jpg 300w, https:\/\/cyscoe.ro\/wp-content\/uploads\/2025\/05\/Strategic-Cybersecurity-Dynamics-in-Europe-1-768x432.jpg 768w, https:\/\/cyscoe.ro\/wp-content\/uploads\/2025\/05\/Strategic-Cybersecurity-Dynamics-in-Europe-1-1536x864.jpg 1536w, https:\/\/cyscoe.ro\/wp-content\/uploads\/2025\/05\/Strategic-Cybersecurity-Dynamics-in-Europe-1.jpg 1600w\" sizes=\"(max-width: 1024px) 100vw, 1024px\" \/><\/figure>\n\n\n\n<figure class=\"wp-block-image size-large\"><img decoding=\"async\" width=\"1024\" height=\"576\" data-id=\"2229\" src=\"https:\/\/cyscoe.ro\/wp-content\/uploads\/2025\/05\/Strategic-Cybersecurity-Dynamics-in-Europe-2-1024x576.jpg\" alt=\"\" class=\"wp-image-2229\" srcset=\"https:\/\/cyscoe.ro\/wp-content\/uploads\/2025\/05\/Strategic-Cybersecurity-Dynamics-in-Europe-2-1024x576.jpg 1024w, https:\/\/cyscoe.ro\/wp-content\/uploads\/2025\/05\/Strategic-Cybersecurity-Dynamics-in-Europe-2-300x169.jpg 300w, https:\/\/cyscoe.ro\/wp-content\/uploads\/2025\/05\/Strategic-Cybersecurity-Dynamics-in-Europe-2-768x432.jpg 768w, https:\/\/cyscoe.ro\/wp-content\/uploads\/2025\/05\/Strategic-Cybersecurity-Dynamics-in-Europe-2-1536x864.jpg 1536w, https:\/\/cyscoe.ro\/wp-content\/uploads\/2025\/05\/Strategic-Cybersecurity-Dynamics-in-Europe-2.jpg 1600w\" sizes=\"(max-width: 1024px) 100vw, 1024px\" \/><\/figure>\n\n\n\n<figure class=\"wp-block-image size-large\"><img decoding=\"async\" width=\"1024\" height=\"575\" data-id=\"2232\" src=\"https:\/\/cyscoe.ro\/wp-content\/uploads\/2025\/05\/Strategic-Cybersecurity-Dynamics-in-Europe-3-1024x575.jpg\" alt=\"\" class=\"wp-image-2232\" srcset=\"https:\/\/cyscoe.ro\/wp-content\/uploads\/2025\/05\/Strategic-Cybersecurity-Dynamics-in-Europe-3-1024x575.jpg 1024w, https:\/\/cyscoe.ro\/wp-content\/uploads\/2025\/05\/Strategic-Cybersecurity-Dynamics-in-Europe-3-300x169.jpg 300w, https:\/\/cyscoe.ro\/wp-content\/uploads\/2025\/05\/Strategic-Cybersecurity-Dynamics-in-Europe-3-768x432.jpg 768w, https:\/\/cyscoe.ro\/wp-content\/uploads\/2025\/05\/Strategic-Cybersecurity-Dynamics-in-Europe-3-1536x863.jpg 1536w, https:\/\/cyscoe.ro\/wp-content\/uploads\/2025\/05\/Strategic-Cybersecurity-Dynamics-in-Europe-3.jpg 1600w\" sizes=\"(max-width: 1024px) 100vw, 1024px\" \/><\/figure>\n\n\n\n<figure class=\"wp-block-image size-large\"><img loading=\"lazy\" decoding=\"async\" width=\"1024\" height=\"576\" data-id=\"2224\" src=\"https:\/\/cyscoe.ro\/wp-content\/uploads\/2025\/05\/Strategic-Cybersecurity-Dynamics-in-Europe-4-1024x576.jpg\" alt=\"\" class=\"wp-image-2224\" srcset=\"https:\/\/cyscoe.ro\/wp-content\/uploads\/2025\/05\/Strategic-Cybersecurity-Dynamics-in-Europe-4-1024x576.jpg 1024w, https:\/\/cyscoe.ro\/wp-content\/uploads\/2025\/05\/Strategic-Cybersecurity-Dynamics-in-Europe-4-300x169.jpg 300w, https:\/\/cyscoe.ro\/wp-content\/uploads\/2025\/05\/Strategic-Cybersecurity-Dynamics-in-Europe-4-768x432.jpg 768w, https:\/\/cyscoe.ro\/wp-content\/uploads\/2025\/05\/Strategic-Cybersecurity-Dynamics-in-Europe-4-1536x864.jpg 1536w, https:\/\/cyscoe.ro\/wp-content\/uploads\/2025\/05\/Strategic-Cybersecurity-Dynamics-in-Europe-4.jpg 1600w\" sizes=\"(max-width: 1024px) 100vw, 1024px\" \/><\/figure>\n\n\n\n<figure class=\"wp-block-image size-large\"><img loading=\"lazy\" decoding=\"async\" width=\"1024\" height=\"576\" data-id=\"2234\" src=\"https:\/\/cyscoe.ro\/wp-content\/uploads\/2025\/05\/Strategic-Cybersecurity-Dynamics-in-Europe-5-1024x576.jpg\" alt=\"\" class=\"wp-image-2234\" srcset=\"https:\/\/cyscoe.ro\/wp-content\/uploads\/2025\/05\/Strategic-Cybersecurity-Dynamics-in-Europe-5-1024x576.jpg 1024w, https:\/\/cyscoe.ro\/wp-content\/uploads\/2025\/05\/Strategic-Cybersecurity-Dynamics-in-Europe-5-300x169.jpg 300w, https:\/\/cyscoe.ro\/wp-content\/uploads\/2025\/05\/Strategic-Cybersecurity-Dynamics-in-Europe-5-768x432.jpg 768w, https:\/\/cyscoe.ro\/wp-content\/uploads\/2025\/05\/Strategic-Cybersecurity-Dynamics-in-Europe-5-1536x864.jpg 1536w, https:\/\/cyscoe.ro\/wp-content\/uploads\/2025\/05\/Strategic-Cybersecurity-Dynamics-in-Europe-5.jpg 1600w\" sizes=\"(max-width: 1024px) 100vw, 1024px\" \/><\/figure>\n\n\n\n<figure class=\"wp-block-image size-large\"><img loading=\"lazy\" decoding=\"async\" width=\"1024\" height=\"576\" data-id=\"2227\" src=\"https:\/\/cyscoe.ro\/wp-content\/uploads\/2025\/05\/Strategic-Cybersecurity-Dynamics-in-Europe-6-1024x576.jpg\" alt=\"\" class=\"wp-image-2227\" srcset=\"https:\/\/cyscoe.ro\/wp-content\/uploads\/2025\/05\/Strategic-Cybersecurity-Dynamics-in-Europe-6-1024x576.jpg 1024w, https:\/\/cyscoe.ro\/wp-content\/uploads\/2025\/05\/Strategic-Cybersecurity-Dynamics-in-Europe-6-300x169.jpg 300w, https:\/\/cyscoe.ro\/wp-content\/uploads\/2025\/05\/Strategic-Cybersecurity-Dynamics-in-Europe-6-768x432.jpg 768w, https:\/\/cyscoe.ro\/wp-content\/uploads\/2025\/05\/Strategic-Cybersecurity-Dynamics-in-Europe-6-1536x864.jpg 1536w, https:\/\/cyscoe.ro\/wp-content\/uploads\/2025\/05\/Strategic-Cybersecurity-Dynamics-in-Europe-6.jpg 1600w\" sizes=\"(max-width: 1024px) 100vw, 1024px\" \/><\/figure>\n\n\n\n<figure class=\"wp-block-image size-large\"><img loading=\"lazy\" decoding=\"async\" width=\"1024\" height=\"768\" data-id=\"2233\" src=\"https:\/\/cyscoe.ro\/wp-content\/uploads\/2025\/05\/Strategic-Cybersecurity-Dynamics-in-Europe-7-1024x768.jpg\" alt=\"\" class=\"wp-image-2233\" srcset=\"https:\/\/cyscoe.ro\/wp-content\/uploads\/2025\/05\/Strategic-Cybersecurity-Dynamics-in-Europe-7-1024x768.jpg 1024w, https:\/\/cyscoe.ro\/wp-content\/uploads\/2025\/05\/Strategic-Cybersecurity-Dynamics-in-Europe-7-300x225.jpg 300w, https:\/\/cyscoe.ro\/wp-content\/uploads\/2025\/05\/Strategic-Cybersecurity-Dynamics-in-Europe-7-768x576.jpg 768w, https:\/\/cyscoe.ro\/wp-content\/uploads\/2025\/05\/Strategic-Cybersecurity-Dynamics-in-Europe-7-1536x1152.jpg 1536w, https:\/\/cyscoe.ro\/wp-content\/uploads\/2025\/05\/Strategic-Cybersecurity-Dynamics-in-Europe-7.jpg 2048w\" sizes=\"(max-width: 1024px) 100vw, 1024px\" \/><\/figure>\n\n\n\n<figure class=\"wp-block-image size-large\"><img loading=\"lazy\" decoding=\"async\" width=\"768\" height=\"1024\" data-id=\"2237\" src=\"https:\/\/cyscoe.ro\/wp-content\/uploads\/2025\/05\/Strategic-Cybersecurity-Dynamics-in-Europe-8-768x1024.jpg\" alt=\"\" class=\"wp-image-2237\" srcset=\"https:\/\/cyscoe.ro\/wp-content\/uploads\/2025\/05\/Strategic-Cybersecurity-Dynamics-in-Europe-8-768x1024.jpg 768w, https:\/\/cyscoe.ro\/wp-content\/uploads\/2025\/05\/Strategic-Cybersecurity-Dynamics-in-Europe-8-225x300.jpg 225w, https:\/\/cyscoe.ro\/wp-content\/uploads\/2025\/05\/Strategic-Cybersecurity-Dynamics-in-Europe-8-1152x1536.jpg 1152w, https:\/\/cyscoe.ro\/wp-content\/uploads\/2025\/05\/Strategic-Cybersecurity-Dynamics-in-Europe-8.jpg 1200w\" sizes=\"(max-width: 768px) 100vw, 768px\" \/><\/figure>\n<\/figure>\n\n<p>Pe fondul cre\u0219terii amenin\u021b\u0103rilor cibernetice la adresa <strong>infrastructurilor critice<\/strong> din \u00eentreaga Europ\u0103, evenimentul a servit drept platform\u0103 strategic\u0103 pentru discu\u021bii \u0219i cooperare \u00eentre <strong>factorii de decizie \u00een materie de securitate, exper\u021bi \u00een ap\u0103rare cibernetic\u0103, reprezentan\u021bi ai institu\u021biilor europene \u0219i lideri din sectorul privat din \u0219ase state membre ale UE<\/strong>.<\/p>\n\n<h3 class=\"wp-block-heading\">\ud83d\udee1\ufe0f Domenii de interes strategic<\/h3>\n\n<p>Dialogul a eviden\u021biat nevoia tot mai urgent\u0103 de:<\/p>\n\n<ul class=\"wp-block-list\">\n<li><strong>Colaborarea civil-militar\u0103<\/strong> \u00een planificarea \u0219i r\u0103spunsul \u00een materie de securitate cibernetic\u0103;<\/li>\n\n\n\n<li><strong>Cooperarea public-privat<\/strong>, \u00een special pentru protec\u021bia infrastructurii;<\/li>\n\n\n\n<li>O <strong>abordare la nivelul \u00eentregii societ\u0103\u021bi<\/strong> pentru protejarea lan\u021burilor de aprovizionare digitale ale Europei.<\/li>\n<\/ul>\n\n<h3 class=\"wp-block-heading\">\ud83d\udccc Subiecte-cheie discutate:<\/h3>\n\n<ul class=\"wp-block-list\">\n<li>O <strong>defini\u021bie \u0219i o \u00een\u021belegere unificat\u0103<\/strong> a infrastructurii critice \u00een contextul UE;<\/li>\n\n\n\n<li><strong>Vulnerabilit\u0103\u021bi comune<\/strong> \u00eentre sistemele civile \u0219i militare \u0219i responsabilit\u0103\u021bi comune \u00een materie de securitate;<\/li>\n\n\n\n<li><strong>Rolul operatorilor priva\u021bi<\/strong> \u00een protejarea infrastructurilor critice;<\/li>\n\n\n\n<li>Necesitatea unor <strong>cadre solide \u0219i standardizate de partajare a informa\u021biilor<\/strong>;<\/li>\n\n\n\n<li>Importan\u021ba unui <strong>cadru UE coerent<\/strong> pentru protec\u021bia infrastructurilor critice;<\/li>\n\n\n\n<li>Oportunit\u0103\u021bi \u0219i provoc\u0103ri \u00een <strong>cooperarea NATO-UE<\/strong> privind ap\u0103rarea cibernetic\u0103.<\/li>\n<\/ul>\n\n<h3 class=\"wp-block-heading\">Mesajul CYSCOE<\/h3>\n\n<p><strong>Daniel Leu<\/strong>, vorbind \u00een numele <strong>CYSCOE<\/strong>, a \u00eent\u0103rit pozi\u021bia clusterului cu privire la necesitatea ambelor:<\/p>\n\n<ul class=\"wp-block-list\">\n<li><strong>Cadre defensive robuste<\/strong> bazate pe informa\u021bii active privind amenin\u021b\u0103rile;<\/li>\n\n\n\n<li><strong>Capacit\u0103\u021bi cibernetice ofensive credibile \u0219i strategice<\/strong> pentru a perturba \u0219i descuraja adversarii sofistica\u021bi.<\/li>\n<\/ul>\n\n<p>Acesta a subliniat importan\u021ba consolid\u0103rii <strong>rezilien\u021bei transsectoriale<\/strong> \u0219i a promov\u0103rii alinierii opera\u021bionale \u00eentre statele UE \u00een lumina evolu\u021biei peisajului amenin\u021b\u0103rilor hibride.<\/p>\n\n<h3 class=\"wp-block-heading\">\ud83d\udc65 Recuno\u0219tin\u021be<\/h3>\n\n<p>CYSCOE adreseaz\u0103 sincere mul\u021bumiri <strong>ambasadorului Lucian F\u0103tu<\/strong> \u0219i \u00eentregii <strong>echipe E-ARC<\/strong> pentru g\u0103zduirea unei discu\u021bii bine structurate \u0219i de impact. De asemenea, \u00eel felicit\u0103m pe <strong>ambasadorul Timo S. Koster<\/strong> pentru moderarea sa excep\u021bional\u0103, care a ghidat masa rotund\u0103 c\u0103tre concluzii semnificative \u0219i realizabile. <\/p>\n\n<hr class=\"wp-block-separator has-alpha-channel-opacity\"\/>\n\n<p><strong>\u00cen\u021belegerea comun\u0103 \u00eemp\u0103rt\u0103\u0219it\u0103 de to\u021bi participan\u021bii: Securitatea cibernetic\u0103 pentru infrastructurile critice nu mai poate fi abordat\u0103 \u00een silozuri &#8211; necesit\u0103 un r\u0103spuns coordonat, strategic \u0219i unificat at\u00e2t la nivel na\u021bional, c\u00e2t \u0219i la nivel euro-atlantic.<\/strong><\/p>\n\n<p>CYSCOE este onorat s\u0103 sprijine proiectul ECYBRIDGE \u0219i r\u0103m\u00e2ne angajat \u00een promovarea rezilien\u021bei, cooper\u0103rii \u0219i previziunii strategice \u00een ecosistemul cibernetic european.<\/p>\n\n<p>#CYSCOE #ECYBRIDGE #CyberSecurity #CriticalInfrastructure #CyberResilience #EUCyberStrategy #HybridThreats #PublicPrivatePartnerships #CivilDefenceIntegration #EARC #DanielLeu #CyberLeadership #NATOEUCooperation<\/p>\n","protected":false},"excerpt":{"rendered":"<p>La 22 mai 2025, CYSCOE &#8211; Clusterul de Excelen\u021b\u0103 \u00een Securitate Cibernetic\u0103 &#8211; a fost reprezentat cu m\u00e2ndrie de Daniel Leu la masa rotund\u0103 la nivel \u00eenalt intitulat\u0103 \u201ePrivire de ansamblu asupra dinamicii actuale a securit\u0103\u021bii cibernetice \u00een peisajul european\u201d, g\u0103zduit\u0103 la Bucure\u0219ti de Centrul Euro-Atlantic de Rezilien\u021b\u0103 (E-ARC) \u00een cadrul proiectului ECYBRIDGE &#8211; Consolidarea [&hellip;]<\/p>\n","protected":false},"author":3,"featured_media":2228,"comment_status":"closed","ping_status":"closed","sticky":false,"template":"","format":"standard","meta":{"_acf_changed":false,"footnotes":""},"categories":[1],"tags":[],"class_list":["post-2240","post","type-post","status-publish","format-standard","has-post-thumbnail","hentry","category-noutati"],"acf":[],"_links":{"self":[{"href":"https:\/\/cyscoe.ro\/ro\/wp-json\/wp\/v2\/posts\/2240","targetHints":{"allow":["GET"]}}],"collection":[{"href":"https:\/\/cyscoe.ro\/ro\/wp-json\/wp\/v2\/posts"}],"about":[{"href":"https:\/\/cyscoe.ro\/ro\/wp-json\/wp\/v2\/types\/post"}],"author":[{"embeddable":true,"href":"https:\/\/cyscoe.ro\/ro\/wp-json\/wp\/v2\/users\/3"}],"replies":[{"embeddable":true,"href":"https:\/\/cyscoe.ro\/ro\/wp-json\/wp\/v2\/comments?post=2240"}],"version-history":[{"count":1,"href":"https:\/\/cyscoe.ro\/ro\/wp-json\/wp\/v2\/posts\/2240\/revisions"}],"predecessor-version":[{"id":2241,"href":"https:\/\/cyscoe.ro\/ro\/wp-json\/wp\/v2\/posts\/2240\/revisions\/2241"}],"wp:featuredmedia":[{"embeddable":true,"href":"https:\/\/cyscoe.ro\/ro\/wp-json\/wp\/v2\/media\/2228"}],"wp:attachment":[{"href":"https:\/\/cyscoe.ro\/ro\/wp-json\/wp\/v2\/media?parent=2240"}],"wp:term":[{"taxonomy":"category","embeddable":true,"href":"https:\/\/cyscoe.ro\/ro\/wp-json\/wp\/v2\/categories?post=2240"},{"taxonomy":"post_tag","embeddable":true,"href":"https:\/\/cyscoe.ro\/ro\/wp-json\/wp\/v2\/tags?post=2240"}],"curies":[{"name":"wp","href":"https:\/\/api.w.org\/{rel}","templated":true}]}}